{"id":9956,"date":"2026-04-29T17:13:04","date_gmt":"2026-04-29T20:13:04","guid":{"rendered":"https:\/\/casa.org.br\/?p=9956"},"modified":"2026-04-29T17:13:04","modified_gmt":"2026-04-29T20:13:04","slug":"xingu-stories-collective-action-in-defense-of-territories","status":"publish","type":"post","link":"https:\/\/casa.org.br\/en\/xingu-stories-collective-action-in-defense-of-territories\/","title":{"rendered":"Xingu Stories: Collective Action in Defense of Territories"},"content":{"rendered":"<p>The Xingu is a living territory long before it was labeled an energy project. It is home, culture, and memory that span generations.<\/p>\n<p>Long before the environmental licensing of the Belo Monte Hydroelectric Plant (PA), organized peoples, established alliances, and a network of support already connected forest communities with researchers, environmental defenders, and social movements in Brazil and beyond. When the dam was announced, it did not encounter an empty space. It encountered a territory. And territories have voices\u2014and they respond.<\/p>\n<p>In 1989, at the first Xingu Indigenous Peoples Meeting in Altamira (PA), leaders rose up against the dam complex, then known as Karara\u00f4. In front of authorities from the electric sector, Tu\u00edra Kayap\u00f3, an Indigenous and environmental activist, pressed a machete against the face of an Eletronorte director. The act, which gained global attention, became a symbol of territorial defense and made clear that the Xingu would not be decided without its peoples.<\/p>\n<div id=\"attachment_9951\" style=\"width: 448px\" class=\"wp-caption aligncenter\"><img loading=\"lazy\" decoding=\"async\" aria-describedby=\"caption-attachment-9951\" src=\"https:\/\/casa.org.br\/wp-content\/uploads\/2026\/04\/captura-de-tela-2026-04-28-as-145630-533x650.png\" alt=\"\" width=\"438\" height=\"534\" class=\" wp-image-9951\" srcset=\"https:\/\/casa.org.br\/wp-content\/uploads\/2026\/04\/captura-de-tela-2026-04-28-as-145630-533x650.png 533w, https:\/\/casa.org.br\/wp-content\/uploads\/2026\/04\/captura-de-tela-2026-04-28-as-145630.png 744w\" sizes=\"(max-width: 438px) 100vw, 438px\" \/><p id=\"caption-attachment-9951\" class=\"wp-caption-text\">Tu\u00edra Kayap\u00f3 \u2013 Indigenous Leader of the Xingu | Photo: Xingu Vivo Movement Archive<\/p><\/div>\n<p>Years later, in May 2008, another gathering would mark this history definitively. Indigenous peoples, riverine communities, farmers, social organizations, and supporters from across the country came together and gave a name to what already existed as a collective force. As Ant\u00f4nia Melo, a movement leader who has followed this trajectory from the beginning, recalls: \u201cFrom that moment on, this movement in defense of the Xingu River, its peoples, and nature would be called the Xingu Vivo Para Sempre Movement. And that\u2019s why we continue.\u201d<\/p>\n<p>The hydroelectric plant was built, but resistance continued. Diverting up to 80% of the Xingu\u2019s water altered the territory, displaced families, and affected fishing, agriculture, and public health. Altamira grew in a disorganized way, and violence increased. This was called progress and clean energy\u2014but on the ground, there were unmet conditions, unfulfilled promises, and losses that do not appear in official reports.<\/p>\n<p>As Brent Millikan, former director of International Rivers in Brazil and currently a member of the Executive Secretariat of the Infrastructure and Socio-Environmental Justice Working Group (Brazilian Civil Society Network), notes: \u201cneither a total success nor a total defeat. Belo Monte was imposed, but the mobilization continues. And these lessons are far too important to be forgotten.\u201d<\/p>\n<p>For Millikan, the Xingu\u2019s history revealed the limits of an energy model driven by large-scale interests, \u201cbut also the strength of community organizing and alliances between Indigenous peoples, riverine communities, and social movements.\u201d<\/p>\n<p>Over the years, training, mobilization, monitoring, and communication projects have been supported in ways that strengthened existing capacities within the territory.<\/p>\n<p>Today, a new threat looms over the Xingu\u2019s Volta Grande: the Belo Sun mining project, which aims to establish the largest open-pit gold mine in the country in the same region already impacted by the dam. \u201cThe example of Belo Monte is enough,\u201d organizations from the region stated in a recent manifesto. \u201cWe must unite to face yet another threat.\u201d<\/p>\n<p>Below, we share four stories of projects supported by the Casa Socio-Environmental Fund that help illustrate how the Xingu organized itself and how community and philanthropic support have been essential to this struggle and resistance.<\/p>\n<p><strong style=\"font-size: 1.8rem;\">1. The Xingu in action: gatherings that rebuilt alliances and defined strategies in response to Belo Monte<\/strong><\/p>\n<div id=\"attachment_9952\" style=\"width: 660px\" class=\"wp-caption aligncenter\"><img loading=\"lazy\" decoding=\"async\" aria-describedby=\"caption-attachment-9952\" src=\"https:\/\/casa.org.br\/wp-content\/uploads\/2026\/04\/captura-de-tela-2026-04-28-as-145018-650x430.png\" alt=\"\" width=\"650\" height=\"430\" class=\"size-medium wp-image-9952\" srcset=\"https:\/\/casa.org.br\/wp-content\/uploads\/2026\/04\/captura-de-tela-2026-04-28-as-145018-650x430.png 650w, https:\/\/casa.org.br\/wp-content\/uploads\/2026\/04\/captura-de-tela-2026-04-28-as-145018-1072x710.png 1072w, https:\/\/casa.org.br\/wp-content\/uploads\/2026\/04\/captura-de-tela-2026-04-28-as-145018-768x509.png 768w, https:\/\/casa.org.br\/wp-content\/uploads\/2026\/04\/captura-de-tela-2026-04-28-as-145018-1080x715.png 1080w, https:\/\/casa.org.br\/wp-content\/uploads\/2026\/04\/captura-de-tela-2026-04-28-as-145018.png 1202w\" sizes=\"(max-width: 650px) 100vw, 650px\" \/><p id=\"caption-attachment-9952\" class=\"wp-caption-text\">Photo: Xingu Vivo Movement Archive<\/p><\/div>\n<p>After the Belo Monte auction in 2010, the Indigenous movement in the Xingu faced misinformation, communication challenges, and increasing political pressure\u2014highlighting the need for reorganization. In response, the Xingu Vivo Para Sempre Movement organized the Meeting of Indigenous Peoples of the Xingu Basin on Belo Monte, bringing together around 200 leaders to align information, rebuild alliances, and define collective strategies in the licensing process.<\/p>\n<p>The support received strengthened this capacity for coordination, enabling mobilization, travel for leaders, and participation in strategic spaces. It contributed to the movement\u2019s presence at regional gatherings such as the regional Free Land Camp in Altamira and the Meeting of the Four Basins in Itaituba, which brought together around 500 representatives from the Xingu, Madeira, Tapaj\u00f3s, and Teles Pires rivers. It also enabled coordination with the Federal Public Prosecutor\u2019s Office to monitor licensing conditions.<\/p>\n<p>The main challenge was communication. The response was to expand grassroots work, invest in training, and strengthen leadership as information multipliers. Coordination was what sustained the movement in an adverse context.<\/p>\n<p>\u201cIf it weren\u2019t for the unity between Indigenous peoples, riverine communities, farmers, and social movements, this story would have been much harsher. What sustained us was our coordination,\u201d says Ant\u00f4nia Melo.<\/p>\n<p>Even after the dam\u2019s construction, the organization remains active in supporting affected communities. \u201cBelo Monte was built, but our struggle did not end. The river is still here, the peoples are still here, and the impacts are still here,\u201d she adds.<\/p>\n<p><strong><span style=\"font-size: 1.8rem;\">2. Women on the frontlines of the fight for justice and reparations<\/span><\/strong><\/p>\n<div id=\"attachment_9953\" style=\"width: 660px\" class=\"wp-caption aligncenter\"><img loading=\"lazy\" decoding=\"async\" aria-describedby=\"caption-attachment-9953\" src=\"https:\/\/casa.org.br\/wp-content\/uploads\/2026\/04\/captura-de-tela-2026-04-28-as-144844-650x430.png\" alt=\"\" width=\"650\" height=\"430\" class=\"size-medium wp-image-9953\" srcset=\"https:\/\/casa.org.br\/wp-content\/uploads\/2026\/04\/captura-de-tela-2026-04-28-as-144844-650x430.png 650w, https:\/\/casa.org.br\/wp-content\/uploads\/2026\/04\/captura-de-tela-2026-04-28-as-144844-1072x709.png 1072w, https:\/\/casa.org.br\/wp-content\/uploads\/2026\/04\/captura-de-tela-2026-04-28-as-144844-768x508.png 768w, https:\/\/casa.org.br\/wp-content\/uploads\/2026\/04\/captura-de-tela-2026-04-28-as-144844-1080x714.png 1080w, https:\/\/casa.org.br\/wp-content\/uploads\/2026\/04\/captura-de-tela-2026-04-28-as-144844.png 1122w\" sizes=\"(max-width: 650px) 100vw, 650px\" \/><p id=\"caption-attachment-9953\" class=\"wp-caption-text\">Photo: Xingu Vivo Movement Archive<\/p><\/div>\n<p>When the turbines of the Belo Monte Hydroelectric Plant began operating, for those living in the territory, it marked the beginning of another phase. Removed homes, flooded islands, disrupted fishing, precarious urban resettlements, and loss of income hit families hard\u2014especially women.<\/p>\n<p>In this context, the Xingu Vivo Para Sempre Movement restructured its strategy and developed two projects. The first, \u201cThe fight for reparations: women\u2019s leadership in confronting Belo Monte violations,\u201d marked a shift from resistance to construction toward systematic demands for rights. It became necessary to map violations, organize complaints, and pursue legal pressure for accountability.<\/p>\n<p>Visits to communities in the Volta Grande region, meetings with riverine and urban women, socio-environmental damage assessments, and formal complaints to public prosecutors revealed a central fact: women were at the forefront.<\/p>\n<p>\u201cAs the complaints we received showed, it was the women themselves\u2014especially single mothers\u2014who came forward, because they were responsible for their households,\u201d recalls Maria Elena Ara\u00fajo.<\/p>\n<p>She explains the strategic shift: \u201cWe had to pause, take a breath, and change course\u2014sustaining the struggle alongside women. When roads were blocked and Norte Energia\u2019s offices were occupied, women were on the frontlines.\u201d<\/p>\n<p>In 2019, new challenges emerged with the threat of mining and the weakening of public institutions defending rights. This led to a second project: \u201cSupport for coordination and organization among riverine families and urban women affected by Belo Monte and mining.\u201d<\/p>\n<p>The initiative connected women from urban resettlements, riverine communities, and movements along the Transamazon Highway. Workshops, regional coordination efforts, and women\u2019s gatherings strengthened an Amazonian network for rights defense.<\/p>\n<p>In a context of unemployment, rising violence, deteriorating health and education systems, and the collapse of fisheries, sustaining collective organization is itself a political act.<\/p>\n<p><strong><span style=\"font-size: 1.8rem;\">3. Territory, science, and rights: when the Xingu produces its own data and responses<\/span><\/strong><\/p>\n<p>In the Middle Xingu, two projects launched from 2019 onward demonstrate how grassroots organization, data production, and institutional advocacy work together to defend the territory.<\/p>\n<p>With the project \u201cIndependent monitoring of the impacts of Belo Monte on the water quality consumed by riverine communities,\u201d families who returned to the riverbanks began documenting what they already observed: changes in water color and smell, declining fish stocks, and suspected contamination.<\/p>\n<p>While official reports indicated normal conditions, communities chose to generate their own data.<\/p>\n<p>\u201cIt is essential that we have our own databases and studies based on our own indicators. Their studies never show environmental impacts or consumption risks,\u201d says Josefa Silva, a leader of the Altamira Riverine Council.<\/p>\n<p>With technical support, collection points were established and periodic analyses conducted. The process strengthened coordination among communities and consolidated the Riverine Council as a political space.<\/p>\n<p>At the same time, another project enabled Indigenous leaders from 12 affected territories to mobilize and engage with the Federal Public Prosecutor\u2019s Office to demand compliance with licensing conditions related to territorial protection, health, and food security.<\/p>\n<p>Both projects share a core principle: those who live in the territory must have a voice in what happens there.<\/p>\n<p><strong><span style=\"font-size: 1.8rem;\">4. Amazon Generation: new voices from the periphery in the energy debate<\/span><\/strong><\/p>\n<div id=\"attachment_9954\" style=\"width: 660px\" class=\"wp-caption aligncenter\"><img loading=\"lazy\" decoding=\"async\" aria-describedby=\"caption-attachment-9954\" src=\"https:\/\/casa.org.br\/wp-content\/uploads\/2026\/04\/captura-de-tela-2026-04-28-as-144630-650x422.png\" alt=\"\" width=\"650\" height=\"422\" class=\"size-medium wp-image-9954\" srcset=\"https:\/\/casa.org.br\/wp-content\/uploads\/2026\/04\/captura-de-tela-2026-04-28-as-144630-650x422.png 650w, https:\/\/casa.org.br\/wp-content\/uploads\/2026\/04\/captura-de-tela-2026-04-28-as-144630-1072x696.png 1072w, https:\/\/casa.org.br\/wp-content\/uploads\/2026\/04\/captura-de-tela-2026-04-28-as-144630-768x499.png 768w, https:\/\/casa.org.br\/wp-content\/uploads\/2026\/04\/captura-de-tela-2026-04-28-as-144630-1080x701.png 1080w, https:\/\/casa.org.br\/wp-content\/uploads\/2026\/04\/captura-de-tela-2026-04-28-as-144630.png 1198w\" sizes=\"(max-width: 650px) 100vw, 650px\" \/><p id=\"caption-attachment-9954\" class=\"wp-caption-text\">Children and youth participate in a training activity in Altamira (Par\u00e1), as part of an initiative by the Lilar Institute aimed at strengthening a sense of belonging and connection to the territory in the Middle Xingu.<br \/>Photo: Gabriel Santos de Sousa<\/p><\/div>\n<p>If early mobilizations in the Xingu resisted the advance of dams, the new generation is growing up amid their impacts. In the Santa Benedita housing complex in Altamira, formed by families displaced by Belo Monte, adolescents who were children during construction are now asking their own questions.<\/p>\n<p>In this context, the Lilar Institute developed the project \u201cAmazon Generation: Training young peripheral leaders impacted by Belo Monte,\u201d supported by the Casa Socio-Environmental Fund.<\/p>\n<p>The initiative starts from a simple premise: those who will live the future of the territory must participate in decisions about it.<\/p>\n<p>Young people engage in discussions on climate change, socio-environmental rights, and energy models. They also learn to use communication as a political tool, producing videos and a mini-documentary with their own proposals.<\/p>\n<p>For this generation, energy transition is not an abstract concept\u2014it is about jobs, territory, climate, and the right to remain.<\/p>\n<div class=\"quebraLinha\"><\/div>\n<p>In Brent Millikan\u2019s assessment, what happened in the Xingu has gone beyond the region and reshaped debates on large hydroelectric projects in Brazil and worldwide.<\/p>\n<p>Over the years, support from initiatives such as the Casa Socio-Environmental Fund has been essential in strengthening community mobilization and ensuring that their voices and strategies of resistance remain active.<\/p>\n<p>For Ant\u00f4nia Melo, this partnership has tangible meaning: \u201cCasa Fund is our great home\u2014welcoming, committed, sensitive, always ready to respond and support the movement\u2019s needs.\u201d<\/p>\n<p>As Millikan emphasizes, \u201csolutions have always come from the territory. The role of allies is to strengthen those already on the frontlines.\u201d<\/p>\n<p>A resistance that produces data, builds networks, advocates politically, and preserves memory.<\/p>\n<p>A struggle that did not begin with the dam\u2014and will not end with it\u2014because it is sustained by those who live in the territory and understand that remaining is itself a form of justice and recognition for those who protect the land and the environment.<\/p>\n<p>&nbsp;<\/p>\n","protected":false},"excerpt":{"rendered":"<p>The Xingu is a living territory long before it was labeled an energy project. It is home, culture, and memory&#8230;<\/p>\n","protected":false},"author":10,"featured_media":9955,"comment_status":"closed","ping_status":"open","sticky":false,"template":"","format":"standard","meta":{"_acf_changed":false,"_et_pb_use_builder":"","_et_pb_old_content":"","_et_gb_content_width":"","footnotes":""},"categories":[50,4],"tags":[],"class_list":["post-9956","post","type-post","status-publish","format-standard","has-post-thumbnail","hentry","category-news","category-uncategorized"],"acf":[],"yoast_head":"<!-- This site is optimized with the Yoast SEO plugin v27.4 - https:\/\/yoast.com\/product\/yoast-seo-wordpress\/ -->\n<title>Xingu Stories: Collective Action in Defense of Territories - Fundo Casa Socioambiental<\/title>\n<meta name=\"robots\" content=\"index, follow, max-snippet:-1, max-image-preview:large, max-video-preview:-1\" \/>\n<link rel=\"canonical\" href=\"https:\/\/casa.org.br\/en\/xingu-stories-collective-action-in-defense-of-territories\/\" \/>\n<meta property=\"og:locale\" content=\"en_US\" \/>\n<meta property=\"og:type\" content=\"article\" \/>\n<meta property=\"og:title\" content=\"Xingu Stories: Collective Action in Defense of Territories - Fundo Casa Socioambiental\" \/>\n<meta property=\"og:description\" content=\"The Xingu is a living territory long before it was labeled an energy project. It is home, culture, and memory...\" \/>\n<meta property=\"og:url\" content=\"https:\/\/casa.org.br\/en\/xingu-stories-collective-action-in-defense-of-territories\/\" \/>\n<meta property=\"og:site_name\" content=\"Fundo Casa Socioambiental\" \/>\n<meta property=\"article:published_time\" content=\"2026-04-29T20:13:04+00:00\" \/>\n<meta property=\"og:image\" content=\"https:\/\/casa.org.br\/wp-content\/uploads\/2026\/04\/banner-site1280-x-720-px-5.png\" \/>\n\t<meta property=\"og:image:width\" content=\"1280\" \/>\n\t<meta property=\"og:image:height\" content=\"720\" \/>\n\t<meta property=\"og:image:type\" content=\"image\/png\" \/>\n<meta name=\"author\" content=\"Desiree Giusti\" \/>\n<meta name=\"twitter:card\" content=\"summary_large_image\" \/>\n<meta name=\"twitter:label1\" content=\"Written by\" \/>\n\t<meta name=\"twitter:data1\" content=\"Desiree Giusti\" \/>\n\t<meta name=\"twitter:label2\" content=\"Est. reading time\" \/>\n\t<meta name=\"twitter:data2\" content=\"11 minutes\" \/>\n<script type=\"application\/ld+json\" class=\"yoast-schema-graph\">{\"@context\":\"https:\\\/\\\/schema.org\",\"@graph\":[{\"@type\":\"Article\",\"@id\":\"https:\\\/\\\/casa.org.br\\\/en\\\/xingu-stories-collective-action-in-defense-of-territories\\\/#article\",\"isPartOf\":{\"@id\":\"https:\\\/\\\/casa.org.br\\\/en\\\/xingu-stories-collective-action-in-defense-of-territories\\\/\"},\"author\":{\"name\":\"Desiree Giusti\",\"@id\":\"https:\\\/\\\/casa.org.br\\\/en\\\/#\\\/schema\\\/person\\\/9b694a6f6e34e2537fdd41705b0cabea\"},\"headline\":\"Xingu Stories: Collective Action in Defense of Territories\",\"datePublished\":\"2026-04-29T20:13:04+00:00\",\"mainEntityOfPage\":{\"@id\":\"https:\\\/\\\/casa.org.br\\\/en\\\/xingu-stories-collective-action-in-defense-of-territories\\\/\"},\"wordCount\":1708,\"image\":{\"@id\":\"https:\\\/\\\/casa.org.br\\\/en\\\/xingu-stories-collective-action-in-defense-of-territories\\\/#primaryimage\"},\"thumbnailUrl\":\"https:\\\/\\\/casa.org.br\\\/wp-content\\\/uploads\\\/2026\\\/04\\\/banner-site1280-x-720-px-5.png\",\"articleSection\":[\"News\"],\"inLanguage\":\"en-US\"},{\"@type\":\"WebPage\",\"@id\":\"https:\\\/\\\/casa.org.br\\\/en\\\/xingu-stories-collective-action-in-defense-of-territories\\\/\",\"url\":\"https:\\\/\\\/casa.org.br\\\/en\\\/xingu-stories-collective-action-in-defense-of-territories\\\/\",\"name\":\"Xingu Stories: Collective Action in Defense of Territories - Fundo Casa Socioambiental\",\"isPartOf\":{\"@id\":\"https:\\\/\\\/casa.org.br\\\/en\\\/#website\"},\"primaryImageOfPage\":{\"@id\":\"https:\\\/\\\/casa.org.br\\\/en\\\/xingu-stories-collective-action-in-defense-of-territories\\\/#primaryimage\"},\"image\":{\"@id\":\"https:\\\/\\\/casa.org.br\\\/en\\\/xingu-stories-collective-action-in-defense-of-territories\\\/#primaryimage\"},\"thumbnailUrl\":\"https:\\\/\\\/casa.org.br\\\/wp-content\\\/uploads\\\/2026\\\/04\\\/banner-site1280-x-720-px-5.png\",\"datePublished\":\"2026-04-29T20:13:04+00:00\",\"author\":{\"@id\":\"https:\\\/\\\/casa.org.br\\\/en\\\/#\\\/schema\\\/person\\\/9b694a6f6e34e2537fdd41705b0cabea\"},\"breadcrumb\":{\"@id\":\"https:\\\/\\\/casa.org.br\\\/en\\\/xingu-stories-collective-action-in-defense-of-territories\\\/#breadcrumb\"},\"inLanguage\":\"en-US\",\"potentialAction\":[{\"@type\":\"ReadAction\",\"target\":[\"https:\\\/\\\/casa.org.br\\\/en\\\/xingu-stories-collective-action-in-defense-of-territories\\\/\"]}]},{\"@type\":\"ImageObject\",\"inLanguage\":\"en-US\",\"@id\":\"https:\\\/\\\/casa.org.br\\\/en\\\/xingu-stories-collective-action-in-defense-of-territories\\\/#primaryimage\",\"url\":\"https:\\\/\\\/casa.org.br\\\/wp-content\\\/uploads\\\/2026\\\/04\\\/banner-site1280-x-720-px-5.png\",\"contentUrl\":\"https:\\\/\\\/casa.org.br\\\/wp-content\\\/uploads\\\/2026\\\/04\\\/banner-site1280-x-720-px-5.png\",\"width\":1280,\"height\":720,\"caption\":\"Foto: Acervo Movimento Xingu Vivo\"},{\"@type\":\"BreadcrumbList\",\"@id\":\"https:\\\/\\\/casa.org.br\\\/en\\\/xingu-stories-collective-action-in-defense-of-territories\\\/#breadcrumb\",\"itemListElement\":[{\"@type\":\"ListItem\",\"position\":1,\"name\":\"Home\",\"item\":\"https:\\\/\\\/casa.org.br\\\/en\\\/\"},{\"@type\":\"ListItem\",\"position\":2,\"name\":\"Xingu Stories: Collective Action in Defense of Territories\"}]},{\"@type\":\"WebSite\",\"@id\":\"https:\\\/\\\/casa.org.br\\\/en\\\/#website\",\"url\":\"https:\\\/\\\/casa.org.br\\\/en\\\/\",\"name\":\"Fundo Casa Socioambiental\",\"description\":\"Acolhemos desafios, apoiamos solu\u00e7\u00f5es\",\"potentialAction\":[{\"@type\":\"SearchAction\",\"target\":{\"@type\":\"EntryPoint\",\"urlTemplate\":\"https:\\\/\\\/casa.org.br\\\/en\\\/?s={search_term_string}\"},\"query-input\":{\"@type\":\"PropertyValueSpecification\",\"valueRequired\":true,\"valueName\":\"search_term_string\"}}],\"inLanguage\":\"en-US\"},{\"@type\":\"Person\",\"@id\":\"https:\\\/\\\/casa.org.br\\\/en\\\/#\\\/schema\\\/person\\\/9b694a6f6e34e2537fdd41705b0cabea\",\"name\":\"Desiree Giusti\",\"image\":{\"@type\":\"ImageObject\",\"inLanguage\":\"en-US\",\"@id\":\"https:\\\/\\\/secure.gravatar.com\\\/avatar\\\/6bfa40b8b50a95d6b80b973063c95ebed4dd5fbb3c69662c4a0a775f72000868?s=96&d=mm&r=g\",\"url\":\"https:\\\/\\\/secure.gravatar.com\\\/avatar\\\/6bfa40b8b50a95d6b80b973063c95ebed4dd5fbb3c69662c4a0a775f72000868?s=96&d=mm&r=g\",\"contentUrl\":\"https:\\\/\\\/secure.gravatar.com\\\/avatar\\\/6bfa40b8b50a95d6b80b973063c95ebed4dd5fbb3c69662c4a0a775f72000868?s=96&d=mm&r=g\",\"caption\":\"Desiree Giusti\"},\"url\":\"https:\\\/\\\/casa.org.br\\\/en\\\/author\\\/desiree\\\/\"}]}<\/script>\n<!-- \/ Yoast SEO plugin. -->","yoast_head_json":{"title":"Xingu Stories: Collective Action in Defense of Territories - Fundo Casa Socioambiental","robots":{"index":"index","follow":"follow","max-snippet":"max-snippet:-1","max-image-preview":"max-image-preview:large","max-video-preview":"max-video-preview:-1"},"canonical":"https:\/\/casa.org.br\/en\/xingu-stories-collective-action-in-defense-of-territories\/","og_locale":"en_US","og_type":"article","og_title":"Xingu Stories: Collective Action in Defense of Territories - Fundo Casa Socioambiental","og_description":"The Xingu is a living territory long before it was labeled an energy project. It is home, culture, and memory...","og_url":"https:\/\/casa.org.br\/en\/xingu-stories-collective-action-in-defense-of-territories\/","og_site_name":"Fundo Casa Socioambiental","article_published_time":"2026-04-29T20:13:04+00:00","og_image":[{"width":1280,"height":720,"url":"https:\/\/casa.org.br\/wp-content\/uploads\/2026\/04\/banner-site1280-x-720-px-5.png","type":"image\/png"}],"author":"Desiree Giusti","twitter_card":"summary_large_image","twitter_misc":{"Written by":"Desiree Giusti","Est. reading time":"11 minutes"},"schema":{"@context":"https:\/\/schema.org","@graph":[{"@type":"Article","@id":"https:\/\/casa.org.br\/en\/xingu-stories-collective-action-in-defense-of-territories\/#article","isPartOf":{"@id":"https:\/\/casa.org.br\/en\/xingu-stories-collective-action-in-defense-of-territories\/"},"author":{"name":"Desiree Giusti","@id":"https:\/\/casa.org.br\/en\/#\/schema\/person\/9b694a6f6e34e2537fdd41705b0cabea"},"headline":"Xingu Stories: Collective Action in Defense of Territories","datePublished":"2026-04-29T20:13:04+00:00","mainEntityOfPage":{"@id":"https:\/\/casa.org.br\/en\/xingu-stories-collective-action-in-defense-of-territories\/"},"wordCount":1708,"image":{"@id":"https:\/\/casa.org.br\/en\/xingu-stories-collective-action-in-defense-of-territories\/#primaryimage"},"thumbnailUrl":"https:\/\/casa.org.br\/wp-content\/uploads\/2026\/04\/banner-site1280-x-720-px-5.png","articleSection":["News"],"inLanguage":"en-US"},{"@type":"WebPage","@id":"https:\/\/casa.org.br\/en\/xingu-stories-collective-action-in-defense-of-territories\/","url":"https:\/\/casa.org.br\/en\/xingu-stories-collective-action-in-defense-of-territories\/","name":"Xingu Stories: Collective Action in Defense of Territories - Fundo Casa Socioambiental","isPartOf":{"@id":"https:\/\/casa.org.br\/en\/#website"},"primaryImageOfPage":{"@id":"https:\/\/casa.org.br\/en\/xingu-stories-collective-action-in-defense-of-territories\/#primaryimage"},"image":{"@id":"https:\/\/casa.org.br\/en\/xingu-stories-collective-action-in-defense-of-territories\/#primaryimage"},"thumbnailUrl":"https:\/\/casa.org.br\/wp-content\/uploads\/2026\/04\/banner-site1280-x-720-px-5.png","datePublished":"2026-04-29T20:13:04+00:00","author":{"@id":"https:\/\/casa.org.br\/en\/#\/schema\/person\/9b694a6f6e34e2537fdd41705b0cabea"},"breadcrumb":{"@id":"https:\/\/casa.org.br\/en\/xingu-stories-collective-action-in-defense-of-territories\/#breadcrumb"},"inLanguage":"en-US","potentialAction":[{"@type":"ReadAction","target":["https:\/\/casa.org.br\/en\/xingu-stories-collective-action-in-defense-of-territories\/"]}]},{"@type":"ImageObject","inLanguage":"en-US","@id":"https:\/\/casa.org.br\/en\/xingu-stories-collective-action-in-defense-of-territories\/#primaryimage","url":"https:\/\/casa.org.br\/wp-content\/uploads\/2026\/04\/banner-site1280-x-720-px-5.png","contentUrl":"https:\/\/casa.org.br\/wp-content\/uploads\/2026\/04\/banner-site1280-x-720-px-5.png","width":1280,"height":720,"caption":"Foto: Acervo Movimento Xingu Vivo"},{"@type":"BreadcrumbList","@id":"https:\/\/casa.org.br\/en\/xingu-stories-collective-action-in-defense-of-territories\/#breadcrumb","itemListElement":[{"@type":"ListItem","position":1,"name":"Home","item":"https:\/\/casa.org.br\/en\/"},{"@type":"ListItem","position":2,"name":"Xingu Stories: Collective Action in Defense of Territories"}]},{"@type":"WebSite","@id":"https:\/\/casa.org.br\/en\/#website","url":"https:\/\/casa.org.br\/en\/","name":"Fundo Casa Socioambiental","description":"Acolhemos desafios, apoiamos solu\u00e7\u00f5es","potentialAction":[{"@type":"SearchAction","target":{"@type":"EntryPoint","urlTemplate":"https:\/\/casa.org.br\/en\/?s={search_term_string}"},"query-input":{"@type":"PropertyValueSpecification","valueRequired":true,"valueName":"search_term_string"}}],"inLanguage":"en-US"},{"@type":"Person","@id":"https:\/\/casa.org.br\/en\/#\/schema\/person\/9b694a6f6e34e2537fdd41705b0cabea","name":"Desiree Giusti","image":{"@type":"ImageObject","inLanguage":"en-US","@id":"https:\/\/secure.gravatar.com\/avatar\/6bfa40b8b50a95d6b80b973063c95ebed4dd5fbb3c69662c4a0a775f72000868?s=96&d=mm&r=g","url":"https:\/\/secure.gravatar.com\/avatar\/6bfa40b8b50a95d6b80b973063c95ebed4dd5fbb3c69662c4a0a775f72000868?s=96&d=mm&r=g","contentUrl":"https:\/\/secure.gravatar.com\/avatar\/6bfa40b8b50a95d6b80b973063c95ebed4dd5fbb3c69662c4a0a775f72000868?s=96&d=mm&r=g","caption":"Desiree Giusti"},"url":"https:\/\/casa.org.br\/en\/author\/desiree\/"}]}},"_links":{"self":[{"href":"https:\/\/casa.org.br\/en\/wp-json\/wp\/v2\/posts\/9956","targetHints":{"allow":["GET"]}}],"collection":[{"href":"https:\/\/casa.org.br\/en\/wp-json\/wp\/v2\/posts"}],"about":[{"href":"https:\/\/casa.org.br\/en\/wp-json\/wp\/v2\/types\/post"}],"author":[{"embeddable":true,"href":"https:\/\/casa.org.br\/en\/wp-json\/wp\/v2\/users\/10"}],"replies":[{"embeddable":true,"href":"https:\/\/casa.org.br\/en\/wp-json\/wp\/v2\/comments?post=9956"}],"version-history":[{"count":3,"href":"https:\/\/casa.org.br\/en\/wp-json\/wp\/v2\/posts\/9956\/revisions"}],"predecessor-version":[{"id":9959,"href":"https:\/\/casa.org.br\/en\/wp-json\/wp\/v2\/posts\/9956\/revisions\/9959"}],"wp:featuredmedia":[{"embeddable":true,"href":"https:\/\/casa.org.br\/en\/wp-json\/wp\/v2\/media\/9955"}],"wp:attachment":[{"href":"https:\/\/casa.org.br\/en\/wp-json\/wp\/v2\/media?parent=9956"}],"wp:term":[{"taxonomy":"category","embeddable":true,"href":"https:\/\/casa.org.br\/en\/wp-json\/wp\/v2\/categories?post=9956"},{"taxonomy":"post_tag","embeddable":true,"href":"https:\/\/casa.org.br\/en\/wp-json\/wp\/v2\/tags?post=9956"}],"curies":[{"name":"wp","href":"https:\/\/api.w.org\/{rel}","templated":true}]}}